{"id":3129,"date":"2024-01-22T22:20:19","date_gmt":"2024-01-22T21:20:19","guid":{"rendered":"https:\/\/jochenwelsch.de\/?p=3129"},"modified":"2024-01-24T10:03:16","modified_gmt":"2024-01-24T09:03:16","slug":"dank-jochen-schaue-ich-mehr-auf-mich","status":"publish","type":"post","link":"https:\/\/www.jochenwelsch.de\/en\/dank-jochen-schaue-ich-mehr-auf-mich\/","title":{"rendered":"&#8222;Dank Jochen schaue ich mehr auf mich und nicht mehr nur auf die anderen.&#8220;"},"content":{"rendered":"<p><strong>In welcher Situation befandest du dich, als du das Coaching von Jochen Welsch in Anspruch genommen hast?<\/strong><\/p>\n\n\n\n<p>Wir haben Jochen vor zwei Jahren kennengelernt. Zu dieser Zeit gab es in unserem Unternehmen Unsicherheiten, und wir hatten Schwierigkeiten, die Situation mit den Mitarbeitern richtig einzusch\u00e4tzen. Wir hatten das Gef\u00fchl, dass wir einen externen Berater ben\u00f6tigen, der sich die Situation genauer ansieht. Auf Basis einer Empfehlung haben wir uns dann an Jochen gewandt.<\/p>\n\n\n\n<p>Urspr\u00fcnglich hatten wir ein Teamcoaching geplant. Nach ein bis zwei Gespr\u00e4chen wurde jedoch schnell deutlich, dass das von uns wahrgenommene Problem nicht so gravierend war, wie wir anfangs angenommen hatten. Durch die intensivere Zusammenarbeit und das n\u00e4here Kennenlernen von Jochen kamen wir zu dem Schluss, dass die eigentlichen Herausforderungen m\u00f6glicherweise eher in unseren F\u00fchrungspers\u00f6nlichkeiten liegen. Daraufhin haben meine Schwester (ebenfalls Gesch\u00e4ftsf\u00fchrerin) und ich beschlossen, an einigen unserer eigenen Themen zu arbeiten.<\/p>\n\n\n\n<p><strong>Was hat dir an Jochens Coaching besonders gut gefallen?<\/strong><\/p>\n\n\n\n<p>Ich fand seine offene Art ganz toll, wir sind sehr schnell beim &#8222;Du&#8220; gelandet, was f\u00fcr mich pers\u00f6nlich eher ungew\u00f6hnlich ist. Dadurch, dass meine Schwester bei ihm auch ein Coaching gemacht hat, haben wir schnell gemerkt, dass er nicht einfach ein Programm nach Schema F bei uns beiden abspult. Er hat sehr auf die pers\u00f6nlichen Themen geachtet, ist auf jeden anders eingegangen.&nbsp;<\/p>\n\n\n\n<p>Nat\u00fcrlich findet ein Austausch statt, bei dem wir uns gegenseitig fragten: \u201cUnd, was hat er heute in deiner Sitzung gemacht?\u201d. Es war erfreulich zu beobachten, dass die Erfahrungen sehr unterschiedlich waren. Das hat unser Vertrauen in die Individualit\u00e4t des Coachings gest\u00e4rkt.<\/p>\n\n\n\n<div style=\"height:30px\" aria-hidden=\"true\" class=\"wp-block-spacer\"><\/div>\n\n\n\n<figure class=\"wp-block-embed is-type-video is-provider-youtube wp-block-embed-youtube wp-embed-aspect-16-9 wp-has-aspect-ratio\"><div class=\"wp-block-embed__wrapper\">\n<iframe loading=\"lazy\" title=\"Erfahrungsbericht zu Jochens Coaching. Mit Franziska Koch, Gesch\u00e4ftsf\u00fchrerin KBM Maschinenbau GmbH\" width=\"800\" height=\"450\" src=\"https:\/\/www.youtube.com\/embed\/5kpISUSAvUU?feature=oembed\" frameborder=\"0\" allow=\"accelerometer; autoplay; clipboard-write; encrypted-media; gyroscope; picture-in-picture; web-share\" allowfullscreen><\/iframe>\n<\/div><\/figure>\n\n\n\n<p><strong>Wann hast du zum ersten Mal gemerkt, dass das Coaching Wirkung zeigt?<\/strong><\/p>\n\n\n\n<p>Ich glaube, nach dem dritten Coaching hat sich dieses Gef\u00fchl eingestellt. Jochen hat am Anfang immer von&nbsp;<strong><a href=\"https:\/\/www.jochenwelsch.de\/en\/coaching-philosophie\/\" target=\"_blank\" rel=\"noopener\">Popcorn-Effekten<\/a><\/strong>&nbsp;gesprochen. Das ist so ein besonderer Klick, den es dann macht, wo du merkst: Okay, jetzt hat es bei dir gewirkt. Das war wirklich sch\u00f6n zu sehen, dass das, was er vorher prophezeit hat, dann auch eingetreten ist.<\/p>\n\n\n\n<p><strong>Was hast du \u00fcber dich gelernt, das du ohne Jochens Hilfe wahrscheinlich nicht erfahren h\u00e4ttest?<\/strong><\/p>\n\n\n\n<p>Durch die Zusammenarbeit mit Jochen habe ich gelernt, mehr auf mich selbst zu achten und nicht nur auf andere. In Bezug auf meine Kommunikationsf\u00e4higkeiten gab es Bereiche &#8211; ich will nicht sagen Defizite  &#8211; die mir gelegentlich Schwierigkeiten bereiteten, insbesondere im Umgang mit anderen Menschen. Das kann nat\u00fcrlich auch zu Problemen mit Mitarbeitern oder Kollegen f\u00fchren.<\/p>\n\n\n\n<p>Jochen hat mir verschiedene Methoden aufgezeigt, wie ich mehr auf mich selbst und meine Wirkung auf andere achte. Es ging nicht darum, wie ich das Gespr\u00e4ch kontrollieren kann, sondern vielmehr darum, wie ich es f\u00fcr mein Gegen\u00fcber angenehmer gestalten kann, mit mir zu kommunizieren.<\/p>\n\n\n\n<p><strong>Welche R\u00fcckmeldungen hast Du von anderen nach dem Coaching bekommen?<\/strong><\/p>\n\n\n\n<p>Es gab ein oder zwei Mitarbeiterinnen, die das konkret angesprochen haben: Mensch, es ist sch\u00f6n mit dir zu reden! Ich habe selbst bemerkt, dass die Menschen sich mir gegen\u00fcber \u00f6ffneten, dass ich mehr Informationen erhielt und dass die Gespr\u00e4che leichter fielen. Dies betraf nicht nur die Arbeit, sondern es war auch im privaten Umfeld erfreulich zu sehen, dass ich neue Zug\u00e4nge zu den Menschen fand.<\/p>\n\n\n\n<p><strong>Wie hat sich das Coaching nachhaltig auf deinen Alltag im Beruf\/als F\u00fchrungskraft ausgewirkt?<\/strong><\/p>\n\n\n\n<p>Ja, auf jeden Fall. Ich nehme mir Zeit f\u00fcr die Mitarbeiter, f\u00fcr die Kollegen, man tauscht sich auch mal \u00fcber pers\u00f6nliche Dinge aus, das war f\u00fcr mich fr\u00fcher nicht so \u00fcblich, das war eher: Berufliches und Privates trennen. Aber die pers\u00f6nliche emotionale Ebene ist f\u00fcr viele Leute einfach wichtig.&nbsp;<\/p>\n\n\n\n<p>Ich habe gemerkt, dass die Mitarbeiter mir gegen\u00fcber offener werden, dass man sich mehr Zeit nimmt, dass sie ruhiger, entspannter werden. So ein Schw\u00e4tzchen zwischen T\u00fcr und Angel, das hat eine gro\u00dfe Wirkung, die ich fr\u00fcher sehr untersch\u00e4tzt habe.<\/p>\n\n\n\n<p><strong>F\u00fcr wen ist aus deiner Sicht das Coaching bei Jochen geeignet bzw. wem w\u00fcrdest du das Coaching empfehlen?<\/strong><\/p>\n\n\n\n<p>F\u00fcr jeden, der an seiner Situation etwas \u00e4ndern m\u00f6chte, aber keine Lust hat, mit 20 anderen Leuten in solche Coachings zu gehen, in denen lediglich standardisierte Verfahren angewendet werden. Viele Aspekte erfordern eine tiefere Bearbeitung, die in einer gro\u00dfen Gruppe nicht m\u00f6glich ist.<\/p>\n\n\n\n<p><strong>Was m\u00f6chtest Du sonst noch zu Jochen als Coach und Trainer sagen?<\/strong><\/p>\n\n\n\n<p>Ich m\u00f6chte Danke sagen! Jochen hat mich in vielfacher Hinsicht aus meiner Komfortzone herausgef\u00fchrt. Viele Dinge sind von selbst geschehen, weil ich wusste, was zu tun war. An einigen Punkten musste ich arbeiten, was durchaus anstrengend war. Doch Jochen hat stets daf\u00fcr gesorgt, dass ich engagiert geblieben bin.<\/p>","protected":false},"excerpt":{"rendered":"<p>Franziska Koch, Gesch\u00e4ftsf\u00fchrerin KBM Maschinenbau GmbH<\/p>","protected":false},"author":10,"featured_media":3132,"comment_status":"open","ping_status":"open","sticky":false,"template":"","format":"standard","meta":{"footnotes":""},"categories":[49],"tags":[10],"class_list":["post-3129","post","type-post","status-publish","format-standard","has-post-thumbnail","hentry","category-erfahrungsberichte","tag-coaching"],"_links":{"self":[{"href":"https:\/\/www.jochenwelsch.de\/en\/wp-json\/wp\/v2\/posts\/3129","targetHints":{"allow":["GET"]}}],"collection":[{"href":"https:\/\/www.jochenwelsch.de\/en\/wp-json\/wp\/v2\/posts"}],"about":[{"href":"https:\/\/www.jochenwelsch.de\/en\/wp-json\/wp\/v2\/types\/post"}],"author":[{"embeddable":true,"href":"https:\/\/www.jochenwelsch.de\/en\/wp-json\/wp\/v2\/users\/10"}],"replies":[{"embeddable":true,"href":"https:\/\/www.jochenwelsch.de\/en\/wp-json\/wp\/v2\/comments?post=3129"}],"version-history":[{"count":5,"href":"https:\/\/www.jochenwelsch.de\/en\/wp-json\/wp\/v2\/posts\/3129\/revisions"}],"predecessor-version":[{"id":3141,"href":"https:\/\/www.jochenwelsch.de\/en\/wp-json\/wp\/v2\/posts\/3129\/revisions\/3141"}],"wp:featuredmedia":[{"embeddable":true,"href":"https:\/\/www.jochenwelsch.de\/en\/wp-json\/wp\/v2\/media\/3132"}],"wp:attachment":[{"href":"https:\/\/www.jochenwelsch.de\/en\/wp-json\/wp\/v2\/media?parent=3129"}],"wp:term":[{"taxonomy":"category","embeddable":true,"href":"https:\/\/www.jochenwelsch.de\/en\/wp-json\/wp\/v2\/categories?post=3129"},{"taxonomy":"post_tag","embeddable":true,"href":"https:\/\/www.jochenwelsch.de\/en\/wp-json\/wp\/v2\/tags?post=3129"}],"curies":[{"name":"wp","href":"https:\/\/api.w.org\/{rel}","templated":true}]}}